{"id":11605,"date":"2023-08-14T18:14:18","date_gmt":"2023-08-14T17:14:18","guid":{"rendered":"https:\/\/ulpiana-fest.com\/?p=11605"},"modified":"2023-09-04T10:51:40","modified_gmt":"2023-09-04T09:51:40","slug":"postimi-i-pare","status":"publish","type":"post","link":"https:\/\/ulpiana-fest.com\/index.php\/2023\/08\/14\/postimi-i-pare\/","title":{"rendered":"Ulpiana Fest"},"content":{"rendered":"\n<p>Ulpiana Fest edicioni i par\u00eb<\/p>\n\n\n\n<p>\u00c7ka \u00ebsht\u00eb ULPIANA FEST ?<br>Ulpian\u00ebs po ja rikthejm\u00eb antikitetin, kurse shikueve &#8211; p\u00ebrjetimin e cop\u00ebzave nga antikiteti. Veshjet,<br>recetat ushqimore, lojrat, vallet, zejet artizanale dhe shum\u00eb aspekte tjera nga antikitetit e mesjeta do<br>mundohemi t\u2019i ringjallim n\u2019Ulpian\u00ebn e lasht\u00eb.<br>Ky festival \u00ebsht\u00eb i pari i llojit t\u00eb till\u00eb n\u00eb gjith\u00eb Kosov\u00ebn, p\u00ebrmes t\u00eb cilit synojm\u00eb q\u00eb ta zgjojm\u00eb kureshtjen<br>dhe ta ngrisimin vet\u00ebdijen e qytetar\u00ebve mbi r\u00ebnd\u00ebsin\u00eb e trash\u00ebgimin\u00eb kulturore n\u00eb p\u00ebrgjith\u00ebsi e<br>lokaliteteve tona arkeologjike n\u00eb ve\u00e7anti. Do mundohemi q\u00eb p\u00ebrmes shkenc\u00ebs dhe artit t\u00eb kuptojm\u00eb m\u00eb<br>shum\u00eb rreth m\u00ebnyr\u00ebs se si jetonin banor\u00ebt e Dardanis\u00eb antike. Duke g\u00ebrsh\u00ebtuar vlerat moderne me ato<br>t\u00eb lasht\u00ebsis\u00eb. p\u00ebrgjat\u00eb net\u00ebve t\u00eb festivalit, arkeoologjia, antropologjia, entografia dhe arti do b\u00ebhen<br>bashk\u00eb p\u00ebr t\u00eb dhuruar spektak\u00ebl t\u00eb frym\u00ebzuar nga lasht\u00ebsia.<br>Kur dhe ku ?<br>Festivali do mbahet me 16-17 shtator (n\u00eb Parkun Arkeologjik Ulpiana). Arkeolog\u00eb dhe student\u00eb do jen\u00eb<br>n\u00eb dispozicion t\u00eb pjesmarr\u00ebsve p\u00ebr t\u00eb ofruar guida rreth lokalitetit Ulpiana. Lojra t\u00eb ndryshme nga<br>antikiteti mund t\u00eb provohen nga pjes\u00ebmarr\u00ebsit. Po ashtu, ushqime tradicionale dhe pije t\u00eb ndryshme do<br>sh\u00ebrbehen p\u00ebr t\u00eb gjith\u00eb.<br>Ky festival organizohet  OJQ &#8220;ET-G&#8221; n\u00eb bashkpunim me  Departamentin e   Antropologjis\u00eb dhe Trash\u00ebgimis\u00eb Kulturore (UP), nd\u00ebrsa financohet nga MKRS.<\/p>\n","protected":false},"excerpt":{"rendered":"<p>Ulpiana Fest edicioni i par\u00eb \u00c7ka \u00ebsht\u00eb ULPIANA FEST ?Ulpian\u00ebs po ja rikthejm\u00eb antikitetin, kurse shikueve &#8211; p\u00ebrjetimin e cop\u00ebzave nga antikiteti. Veshjet,recetat ushqimore, lojrat, vallet, zejet artizanale dhe shum\u00eb aspekte tjera nga antikitetit e mesjeta domundohemi t\u2019i ringjallim n\u2019Ulpian\u00ebn e lasht\u00eb.Ky festival \u00ebsht\u00eb i pari i llojit t\u00eb till\u00eb n\u00eb gjith\u00eb Kosov\u00ebn, p\u00ebrmes t\u00eb&#8230;<\/p>\n","protected":false},"author":1,"featured_media":11678,"comment_status":"open","ping_status":"open","sticky":false,"template":"","format":"standard","meta":{"footnotes":""},"categories":[1],"tags":[],"class_list":["post-11605","post","type-post","status-publish","format-standard","has-post-thumbnail","hentry","category-blog"],"_links":{"self":[{"href":"https:\/\/ulpiana-fest.com\/index.php\/wp-json\/wp\/v2\/posts\/11605"}],"collection":[{"href":"https:\/\/ulpiana-fest.com\/index.php\/wp-json\/wp\/v2\/posts"}],"about":[{"href":"https:\/\/ulpiana-fest.com\/index.php\/wp-json\/wp\/v2\/types\/post"}],"author":[{"embeddable":true,"href":"https:\/\/ulpiana-fest.com\/index.php\/wp-json\/wp\/v2\/users\/1"}],"replies":[{"embeddable":true,"href":"https:\/\/ulpiana-fest.com\/index.php\/wp-json\/wp\/v2\/comments?post=11605"}],"version-history":[{"count":3,"href":"https:\/\/ulpiana-fest.com\/index.php\/wp-json\/wp\/v2\/posts\/11605\/revisions"}],"predecessor-version":[{"id":11782,"href":"https:\/\/ulpiana-fest.com\/index.php\/wp-json\/wp\/v2\/posts\/11605\/revisions\/11782"}],"wp:featuredmedia":[{"embeddable":true,"href":"https:\/\/ulpiana-fest.com\/index.php\/wp-json\/wp\/v2\/media\/11678"}],"wp:attachment":[{"href":"https:\/\/ulpiana-fest.com\/index.php\/wp-json\/wp\/v2\/media?parent=11605"}],"wp:term":[{"taxonomy":"category","embeddable":true,"href":"https:\/\/ulpiana-fest.com\/index.php\/wp-json\/wp\/v2\/categories?post=11605"},{"taxonomy":"post_tag","embeddable":true,"href":"https:\/\/ulpiana-fest.com\/index.php\/wp-json\/wp\/v2\/tags?post=11605"}],"curies":[{"name":"wp","href":"https:\/\/api.w.org\/{rel}","templated":true}]}}