{"id":11838,"date":"2023-09-28T10:05:29","date_gmt":"2023-09-28T09:05:29","guid":{"rendered":"https:\/\/ulpiana-fest.com\/?p=11838"},"modified":"2023-09-28T10:05:29","modified_gmt":"2023-09-28T09:05:29","slug":"edicioni-i-pare-i-ulpiana-fest","status":"publish","type":"post","link":"https:\/\/ulpiana-fest.com\/index.php\/2023\/09\/28\/edicioni-i-pare-i-ulpiana-fest\/","title":{"rendered":"Edicioni i par\u00eb i &#8220;Ulpiana Fest&#8221;"},"content":{"rendered":"\n<p>ULPIANA FEST, u mbajt m\u00eb 16 dhe 17 shtator 2023, n\u00eb parkun arkeologjik t\u00eb Ulpian\u00ebs, duke shfaqur cop\u00ebza t\u00eb antikitetit dardan e romak. P\u00ebrmes rikonstruktimit t\u00eb loj\u00ebrave, recetave t\u00eb hajeve dhe veshjeve antike, p\u00ebrmes shfaqjes s\u00eb monedhave antike, valleve, muzik\u00ebs, po\u00e7aris\u00eb dhe elementeve t\u00eb tjera, u dha nj\u00eb sken\u00eb e antikitetit t\u00eb Ulpian\u00ebs e Dardanis\u00eb antike.<\/p>\n\n\n\n<p>N\u00eb nat\u00ebn e par\u00eb, n\u00eb ora 18.00, filloi programi i festivalit, ku pati edhe disa elemente specifike. Programi&nbsp; u p\u00ebrsh\u00ebndet nga organizator\u00ebt, Rilinda Gjonbalaj dhe Ilir Culaj.<\/p>\n\n\n\n<p>Rilinda Gjonbalaj tha \u201cUlpiana sot \u00ebsht\u00eb nikoqire e edicionit t\u00eb par\u00eb t\u00eb k\u00ebtij festivali e q\u00eb shpresoj se do t\u00eb kthehet n\u00eb nj\u00eb tradit\u00eb t\u00eb gjat\u00eb p\u00ebr t\u00eb promovuar e v\u00ebn\u00eb n\u00eb pah trash\u00ebgimin\u00eb kulturore. Po ashtu, ajo tha, m\u00eb lejoni q\u00eb t\u00eb shpreh fal\u00ebnderimet dhe mir\u00ebnjohjen time m\u00eb t\u00eb sinqert\u00eb p\u00ebr t\u00eb gjith\u00eb ata q\u00eb dhan\u00eb kontributin e tyre q\u00eb ky festival t\u00eb realizohet, duke mos e kursyer aspak veten e tyre dhe p\u00ebr k\u00ebt\u00eb m\u00eb meritor\u00ebt jan\u00eb profesor\u00ebt e \u00e7muar t\u00eb Departamentit t\u00eb Antropologjis\u00eb prof. Arsim Canolli, prof. Tahir Latifi dhe gjith\u00eb t\u00eb tjer\u00ebt, q\u00eb me profesionalizmin e tyre i dhan\u00eb ngjyra shum\u00eb m\u00eb t\u00eb mira k\u00ebtij organizimi.\u201d<\/p>\n\n\n\n<p>Duke evokuar jet\u00ebn sociale t\u00eb dardan\u00ebve dhe romak\u00ebve, Ilir Culaj tha: \u201cT\u00eb mendojm\u00eb p\u00ebr nj\u00eb moment se &#8211; kushedi sa festa, g\u00ebzime, vuajtje apo tragjedi kan\u00eb ndodhur brenda mureve antike t\u00eb k\u00ebtij qyteti, ku ne jemi sonte. Kushedi se \u00e7far\u00eb shfaqje kane interpretuar aktoret n\u00eb teatrin e Ulpian\u00ebs dhe, sa shum\u00eb publiku i duartrokiste ata dikur. Prandaj sonte, n\u00eb k\u00ebt\u00eb dite te shenjt\u00eb p\u00ebr Ulpian\u00ebn, jemi munduar t\u2019i rikujtojm\u00eb banor\u00ebt e k\u00ebtij qyteti dhe p\u00ebrditshm\u00ebrin\u00eb e tyre. Pse jo, t\u00eb flasim p\u00ebr djathin dardan, t\u00eb cilin e p\u00ebrmend autori romak Varroni, n\u00eb volumin e dyte t\u00eb librit te tij mbi agrikultur\u00ebn. Apo, t\u00eb kujtojm\u00eb nj\u00eb pasazh t\u00eb Strabonit, i cili duke folur p\u00ebr dardan\u00ebt dhe muzik\u00ebn, nd\u00ebr t\u00eb tjera thot\u00eb: \u201cmuzik\u00ebn nuk e l\u00ebn\u00eb m\u00ebnjan\u00eb, por p\u00ebrkundrazi p\u00ebrdorin gjithmon\u00eb fyej e vegla me kordha. Autor\u00ebt tjer\u00eb na shpjegojn\u00eb p\u00ebr pijet prej mjalti tek ilir\u00ebt apo birr\u00ebn e tyre q\u00eb e quanin sabaium apo sabaia.\u201d<\/p>\n\n\n\n<p>U dhan\u00eb mir\u00ebnjohje p\u00ebr tre udh\u00ebheq\u00ebsit e projektit arkeologjik t\u00eb Ulpian\u00ebs, prof. Arben Hajdarin, Prof. Christophe Goddard dhe doktorantin Milot Berisha. Mir\u00ebnjohjet i ndan\u00eb pjes\u00ebmarr\u00ebsit e nderit, ambasadori amerikan, z. Jeff Hovenier, ambasadori francez, z. Olivier Gu\u00e9rot&nbsp; dhe z\u00ebvend\u00ebs p\u00ebrfaq\u00ebsuesja e BE-s\u00eb n\u00eb Kosov\u00eb, znj. Eva Palatova. Mir\u00ebnjohjet u dhan\u00eb p\u00ebr \u201cpun\u00ebn konsistente shum\u00ebvje\u00e7are n\u00eb g\u00ebrmimin arkeologjik n\u00eb Ulpian\u00eb, avancimin e edukimit arkeologjik p\u00ebr gjeneratat e reja, bashk\u00ebpunimin e frytsh\u00ebm arkeologjik nd\u00ebrkomb\u00ebtar dhe kujdesin dhe profesionalizmin p\u00ebr arkeologjin\u00eb n\u00eb komunitet dhe p\u00ebr publikun\u201d.<\/p>\n\n\n\n<p>Programi vazhdoi me k\u00ebng\u00eb e valle t\u00eb vjetra, nga grupi i Lezh\u00ebs s\u00eb Shqip\u00ebris\u00eb, ku u shqua rikonstruktimi i gjam\u00ebs s\u00eb burrave. Po ashtu, programi vazhdoi me premier\u00ebn e dram\u00ebs \u201cJustiniani dhe Teodora\u201d, e cila u luajt n\u00eb ambient t\u00eb hapur, para mureve t\u00eb qytetit antik, n\u00eb prani t\u00eb nj\u00eb numri t\u00eb madh pjes\u00ebmarr\u00ebsish. Teksti i dram\u00ebs \u00ebsht\u00eb shkruar prof. Arian Krasniqi, me regji t\u00eb Kushtrim Mehmetit e n\u00eb aktrim t\u00eb student\u00ebve t\u00eb Fakultetit t\u00eb Arteve, Universiteti t\u00eb Prishtin\u00ebs.<\/p>\n\n\n\n<p>N\u00eb dit\u00ebn e dyt\u00eb, prej or\u00eb 13.00, festivali filloi t\u00eb vizitohet nga nj\u00eb num\u00ebr i madh vizitor\u00ebsh, kryesisht familjar\u00eb me f\u00ebmij\u00ebt e tyre, por edhe vizitor\u00eb enkas nga fusha e trash\u00ebgimis\u00eb kulturore. U luajt\u00ebn loj\u00ebra, u pikturuan pamjet e Ulpian\u00ebs, u demonstrua po\u00e7aria. N\u00eb ora 18.00, filloi shfaqja e programit me ansamblin e \u00c7egranit t\u00eb Maqedonis\u00eb s\u00eb Veriut, ku u ve\u00e7ua riti i thirrjes s\u00eb blet\u00ebs, nj\u00eb rit i vjet\u00ebr pagan. Pastaj, nj\u00eb num\u00ebr student\u00ebsh t\u00eb veshur me kostume antike, dardane e romake, por edhe me kostume t\u00eb cilat kan\u00eb mbijetuar q\u00eb nga lasht\u00ebsia, si xhubleta e Mal\u00ebsis\u00eb, veshja e grave t\u00eb Hasit dhe Anamedvegj\u00ebs (Gollakut) e veshje t\u00eb tjera. U dha edhe repriza e shfaqjes teatrale \u201cJustiniani e Teodora\u201d, n\u00eb prani t\u00eb nj\u00eb numri t\u00eb madh pjes\u00ebmarr\u00ebsish, p\u00ebrfshir\u00eb kryeministrin e Republik\u00ebs s\u00eb Kosov\u00ebs, z. Albin Kurti, ministrin e kultur\u00ebs, z. Hajrulla \u00c7eku, ministren e industris\u00eb, znj. Rozeta Hajdari, deputet\u00eb, studiues, student\u00eb, afarist\u00eb etj.<\/p>\n\n\n\n<p>Festivali \u00ebsht\u00eb mb\u00ebshtetur nga Ministria e Kultur\u00ebs, Rinis\u00eb dhe Sportit dhe nj\u00eb num\u00ebr sponsoresh: Sirus Wine, Uj\u00eb Rugove, Tegel atelie, Birra Sabaja, Sentona Wine.<\/p>\n\n\n\n<p>Fal\u00ebnderojm\u00eb organizator\u00ebt, student\u00ebt, profesor\u00ebt, profesionist\u00ebt, p\u00ebrkrah\u00ebsit dhe sponsor\u00ebt, afarist\u00ebt dhe t\u00eb gjith\u00eb pjes\u00ebmarr\u00ebsit e k\u00ebtij festivali.<\/p>\n\n\n\n<p>Shihemi n\u00eb edicionin e dyt\u00eb, n\u00eb shtator 2024!<\/p>\n\n\n\n<p>N\u00eb k\u00ebt\u00eb link, mund t\u00eb shihni nj\u00eb p\u00ebrmbledhje t\u00eb shkurt\u00ebr t\u00eb Ulpiana Fest, https:\/\/www.youtube.com\/watch?si=9usVoeHR6ZYQoqvN.. <\/p>\n","protected":false},"excerpt":{"rendered":"<p>ULPIANA FEST, u mbajt m\u00eb 16 dhe 17 shtator 2023, n\u00eb parkun arkeologjik t\u00eb Ulpian\u00ebs, duke shfaqur cop\u00ebza t\u00eb antikitetit dardan e romak. P\u00ebrmes rikonstruktimit t\u00eb loj\u00ebrave, recetave t\u00eb hajeve dhe veshjeve antike, p\u00ebrmes shfaqjes s\u00eb monedhave antike, valleve, muzik\u00ebs, po\u00e7aris\u00eb dhe elementeve t\u00eb tjera, u dha nj\u00eb sken\u00eb e antikitetit t\u00eb Ulpian\u00ebs e Dardanis\u00eb&#8230;<\/p>\n","protected":false},"author":2,"featured_media":11814,"comment_status":"open","ping_status":"open","sticky":false,"template":"","format":"standard","meta":{"footnotes":""},"categories":[1],"tags":[],"class_list":["post-11838","post","type-post","status-publish","format-standard","has-post-thumbnail","hentry","category-blog"],"_links":{"self":[{"href":"https:\/\/ulpiana-fest.com\/index.php\/wp-json\/wp\/v2\/posts\/11838"}],"collection":[{"href":"https:\/\/ulpiana-fest.com\/index.php\/wp-json\/wp\/v2\/posts"}],"about":[{"href":"https:\/\/ulpiana-fest.com\/index.php\/wp-json\/wp\/v2\/types\/post"}],"author":[{"embeddable":true,"href":"https:\/\/ulpiana-fest.com\/index.php\/wp-json\/wp\/v2\/users\/2"}],"replies":[{"embeddable":true,"href":"https:\/\/ulpiana-fest.com\/index.php\/wp-json\/wp\/v2\/comments?post=11838"}],"version-history":[{"count":1,"href":"https:\/\/ulpiana-fest.com\/index.php\/wp-json\/wp\/v2\/posts\/11838\/revisions"}],"predecessor-version":[{"id":11840,"href":"https:\/\/ulpiana-fest.com\/index.php\/wp-json\/wp\/v2\/posts\/11838\/revisions\/11840"}],"wp:featuredmedia":[{"embeddable":true,"href":"https:\/\/ulpiana-fest.com\/index.php\/wp-json\/wp\/v2\/media\/11814"}],"wp:attachment":[{"href":"https:\/\/ulpiana-fest.com\/index.php\/wp-json\/wp\/v2\/media?parent=11838"}],"wp:term":[{"taxonomy":"category","embeddable":true,"href":"https:\/\/ulpiana-fest.com\/index.php\/wp-json\/wp\/v2\/categories?post=11838"},{"taxonomy":"post_tag","embeddable":true,"href":"https:\/\/ulpiana-fest.com\/index.php\/wp-json\/wp\/v2\/tags?post=11838"}],"curies":[{"name":"wp","href":"https:\/\/api.w.org\/{rel}","templated":true}]}}