{"id":11902,"date":"2023-11-05T18:06:05","date_gmt":"2023-11-05T18:06:05","guid":{"rendered":"https:\/\/ulpiana-fest.com\/?p=11902"},"modified":"2023-11-05T18:08:04","modified_gmt":"2023-11-05T18:08:04","slug":"ulpiana-fest-ne-media","status":"publish","type":"post","link":"https:\/\/ulpiana-fest.com\/index.php\/2023\/11\/05\/ulpiana-fest-ne-media\/","title":{"rendered":"&#8220;ULPIANA FEST&#8221; n\u00eb Media"},"content":{"rendered":"\n<figure class=\"wp-block-embed is-type-video is-provider-youtube wp-block-embed-youtube wp-embed-aspect-16-9 wp-has-aspect-ratio\"><div class=\"wp-block-embed__wrapper\">\n<iframe loading=\"lazy\" title=\"Parku arkeologjik - Ulpiana Fest rikthen antikitetin - 16.09.2023 - Lajmet\" width=\"1170\" height=\"658\" src=\"https:\/\/www.youtube.com\/embed\/i_F_3V8eqQY?feature=oembed\" frameborder=\"0\" allow=\"accelerometer; autoplay; clipboard-write; encrypted-media; gyroscope; picture-in-picture; web-share\" allowfullscreen><\/iframe>\n<\/div><\/figure>\n\n\n\n<figure class=\"wp-block-embed is-type-video is-provider-youtube wp-block-embed-youtube wp-embed-aspect-16-9 wp-has-aspect-ratio\"><div class=\"wp-block-embed__wrapper\">\n<iframe loading=\"lazy\" title=\"Parku arkeologjik organizon festivalin dyditor &quot;Ulpiana Fest&quot;\" width=\"1170\" height=\"658\" src=\"https:\/\/www.youtube.com\/embed\/0tNuzL1PWRI?start=298&#038;feature=oembed\" frameborder=\"0\" allow=\"accelerometer; autoplay; clipboard-write; encrypted-media; gyroscope; picture-in-picture; web-share\" allowfullscreen><\/iframe>\n<\/div><\/figure>\n\n\n\n<figure class=\"wp-block-embed is-type-video is-provider-youtube wp-block-embed-youtube wp-embed-aspect-16-9 wp-has-aspect-ratio\"><div class=\"wp-block-embed__wrapper\">\n<iframe loading=\"lazy\" title=\"&quot;Ulpiana Fest&quot; riktheu v\u00ebmendjen te trashegimia Kosovare\" width=\"1170\" height=\"658\" src=\"https:\/\/www.youtube.com\/embed\/8L0xjFqaM8o?feature=oembed\" frameborder=\"0\" allow=\"accelerometer; autoplay; clipboard-write; encrypted-media; gyroscope; picture-in-picture; web-share\" allowfullscreen><\/iframe>\n<\/div><\/figure>\n\n\n\n<figure class=\"wp-block-embed is-type-video is-provider-youtube wp-block-embed-youtube wp-embed-aspect-16-9 wp-has-aspect-ratio\"><div class=\"wp-block-embed__wrapper\">\n<iframe loading=\"lazy\" title=\"&#039;&#039;ULPIANA FEST&#039;&#039; ME EDICIONIN E PAR\u00cb T\u00cb RIKTHIMIT N\u00cb ANTIKITET  19.09.2023\" width=\"1170\" height=\"658\" src=\"https:\/\/www.youtube.com\/embed\/DfqhBHfc7DM?feature=oembed\" frameborder=\"0\" allow=\"accelerometer; autoplay; clipboard-write; encrypted-media; gyroscope; picture-in-picture; web-share\" allowfullscreen><\/iframe>\n<\/div><\/figure>\n\n\n\n<figure class=\"wp-block-embed is-type-video is-provider-youtube wp-block-embed-youtube wp-embed-aspect-16-9 wp-has-aspect-ratio\"><div class=\"wp-block-embed__wrapper\">\n<iframe loading=\"lazy\" title=\"Mir\u00ebm\u00ebngjesi Kosov\u00eb - Hir Culaj - koordinator &quot;Ulpiana Fest&quot; &amp; Rilinda Gionbalaj- drejtoreshe\" width=\"1170\" height=\"658\" src=\"https:\/\/www.youtube.com\/embed\/06bNO6jbaXg?feature=oembed\" frameborder=\"0\" allow=\"accelerometer; autoplay; clipboard-write; encrypted-media; gyroscope; picture-in-picture; web-share\" allowfullscreen><\/iframe>\n<\/div><\/figure>\n\n\n\n<figure class=\"wp-block-embed is-type-video is-provider-youtube wp-block-embed-youtube wp-embed-aspect-16-9 wp-has-aspect-ratio\"><div class=\"wp-block-embed__wrapper\">\n<iframe loading=\"lazy\" title=\"Autokton 27.09.2023\" width=\"1170\" height=\"658\" src=\"https:\/\/www.youtube.com\/embed\/m_nRBiUJJRI?feature=oembed\" frameborder=\"0\" allow=\"accelerometer; autoplay; clipboard-write; encrypted-media; gyroscope; picture-in-picture; web-share\" allowfullscreen><\/iframe>\n<\/div><\/figure>\n\n\n\n<figure class=\"wp-block-embed is-type-video is-provider-youtube wp-block-embed-youtube wp-embed-aspect-16-9 wp-has-aspect-ratio\"><div class=\"wp-block-embed__wrapper\">\n<iframe loading=\"lazy\" title=\"Ulpiana Fest, festivali i par\u00eb i llojit t\u00eb till\u00eb n\u00eb gjith\u00eb Kosov\u00ebn\" width=\"1170\" height=\"658\" src=\"https:\/\/www.youtube.com\/embed\/pe6vEK084T4?feature=oembed\" frameborder=\"0\" allow=\"accelerometer; autoplay; clipboard-write; encrypted-media; gyroscope; picture-in-picture; web-share\" allowfullscreen><\/iframe>\n<\/div><\/figure>\n\n\n\n<figure class=\"wp-block-embed is-type-video is-provider-youtube wp-block-embed-youtube wp-embed-aspect-16-9 wp-has-aspect-ratio\"><div class=\"wp-block-embed__wrapper\">\n<iframe loading=\"lazy\" title=\"Ora 7 - &quot;Ulpiana Fest&quot;, 16-17 shtator, Parku Arkeologjik &quot;Ulpiana&quot;\" width=\"1170\" height=\"658\" src=\"https:\/\/www.youtube.com\/embed\/7uTLrdzL1l0?start=50&#038;feature=oembed\" frameborder=\"0\" allow=\"accelerometer; autoplay; clipboard-write; encrypted-media; gyroscope; picture-in-picture; web-share\" allowfullscreen><\/iframe>\n<\/div><\/figure>\n\n\n\n<figure class=\"wp-block-video\"><\/figure>\n","protected":false},"excerpt":{"rendered":"","protected":false},"author":2,"featured_media":11804,"comment_status":"open","ping_status":"open","sticky":false,"template":"","format":"standard","meta":{"footnotes":""},"categories":[1],"tags":[],"class_list":["post-11902","post","type-post","status-publish","format-standard","has-post-thumbnail","hentry","category-blog"],"_links":{"self":[{"href":"https:\/\/ulpiana-fest.com\/index.php\/wp-json\/wp\/v2\/posts\/11902"}],"collection":[{"href":"https:\/\/ulpiana-fest.com\/index.php\/wp-json\/wp\/v2\/posts"}],"about":[{"href":"https:\/\/ulpiana-fest.com\/index.php\/wp-json\/wp\/v2\/types\/post"}],"author":[{"embeddable":true,"href":"https:\/\/ulpiana-fest.com\/index.php\/wp-json\/wp\/v2\/users\/2"}],"replies":[{"embeddable":true,"href":"https:\/\/ulpiana-fest.com\/index.php\/wp-json\/wp\/v2\/comments?post=11902"}],"version-history":[{"count":2,"href":"https:\/\/ulpiana-fest.com\/index.php\/wp-json\/wp\/v2\/posts\/11902\/revisions"}],"predecessor-version":[{"id":11904,"href":"https:\/\/ulpiana-fest.com\/index.php\/wp-json\/wp\/v2\/posts\/11902\/revisions\/11904"}],"wp:featuredmedia":[{"embeddable":true,"href":"https:\/\/ulpiana-fest.com\/index.php\/wp-json\/wp\/v2\/media\/11804"}],"wp:attachment":[{"href":"https:\/\/ulpiana-fest.com\/index.php\/wp-json\/wp\/v2\/media?parent=11902"}],"wp:term":[{"taxonomy":"category","embeddable":true,"href":"https:\/\/ulpiana-fest.com\/index.php\/wp-json\/wp\/v2\/categories?post=11902"},{"taxonomy":"post_tag","embeddable":true,"href":"https:\/\/ulpiana-fest.com\/index.php\/wp-json\/wp\/v2\/tags?post=11902"}],"curies":[{"name":"wp","href":"https:\/\/api.w.org\/{rel}","templated":true}]}}