{"id":11933,"date":"2024-08-21T09:38:57","date_gmt":"2024-08-21T08:38:57","guid":{"rendered":"https:\/\/ulpiana-fest.com\/?p=11933"},"modified":"2024-08-21T09:41:01","modified_gmt":"2024-08-21T08:41:01","slug":"arkeokampi-i-ulpianes","status":"publish","type":"post","link":"https:\/\/ulpiana-fest.com\/index.php\/2024\/08\/21\/arkeokampi-i-ulpianes\/","title":{"rendered":"ARKEOKAMPI I ULPIANES"},"content":{"rendered":"\n<p>B\u00ebhu pjes\u00eb e ARKEOKAMPIT T\u00cb ULPIAN\u00cbS \u26b1\ufe0f<br>Kampi i Trash\u00ebgimis\u00eb Kulturore dhe Arkeologjike me Fokus n\u00eb Diaspor\u00eb \u00ebsht\u00eb nj\u00eb iniciativ\u00eb p\u00ebr t\u00eb bashkuar t\u00eb rinjt\u00eb nga diaspora dhe vendlindja p\u00ebr t\u00eb eksploruar, ruajtur dhe promovuar trash\u00ebgimin\u00eb kulturore dhe arkeologjike. Kampi do t\u00eb p\u00ebrfshij\u00eb aktivitete edukative n\u00eb arkeologji, trashegimi kulturore dhe traditat te lidhura me diaspor\u00ebn p\u00ebr t\u00eb forcuar lidhjet mes t\u00eb rinjve dhe identitetin e tyre kulturor.<br>P\u00ebrmes k\u00ebtij kampi ofrohet:<br>\u2714\ufe0fEdukimi n\u00eb Arkeologji: T\u00eb ofroj\u00eb njohuri dhe praktika n\u00eb arkeologji p\u00ebr t\u00eb rinjt\u00eb.<br>\u2714\ufe0fPromovimi i Trash\u00ebgimis\u00eb Kulturore: T\u00eb rris\u00eb nd\u00ebrgjegj\u00ebsimin p\u00ebr trash\u00ebgimin\u00eb kulturore lokale.<br>\u2714\ufe0fLidhja me Diaspor\u00ebn: T\u00eb forcoj\u00eb lidhjet midis t\u00eb rinjve nga diaspora dhe atyre nga vendlindja.<br>\u2714\ufe0fPromovimi e Identitetit: T\u00eb ndihmoj\u00eb t\u00eb rinjt\u00eb nga diaspora t\u00eb ruajn\u00eb dhe t\u00eb promovojne identitetin e tyre kulturor.<br>P\u00ebr m\u00eb shum\u00eb informata dhe p\u00ebr tu b\u00ebr pjes\u00eb e kampit na kontaktoni p\u00ebrmes emailit ojqetn@gmail.com deri me daten 25.08.2024<br>Nxitoni vendet jan\u00eb t\u00eb limituara\ud83e\udd17<br>\ud83d\udccdParku Arkeologjik Ulpiana (https:\/\/maps.app.goo.gl\/ehkcQKjNyDoD9GMF6 )<\/p>\n\n\n\n<figure class=\"wp-block-image size-large\"><img loading=\"lazy\" decoding=\"async\" width=\"1024\" height=\"538\" src=\"https:\/\/ulpiana-fest.com\/wp-content\/uploads\/2024\/08\/Eksplorojme-e-Perjetojme-Kosoven-4-1024x538.png\" alt=\"\" class=\"wp-image-11934\" srcset=\"https:\/\/ulpiana-fest.com\/wp-content\/uploads\/2024\/08\/Eksplorojme-e-Perjetojme-Kosoven-4-1024x538.png 1024w, https:\/\/ulpiana-fest.com\/wp-content\/uploads\/2024\/08\/Eksplorojme-e-Perjetojme-Kosoven-4-300x158.png 300w, https:\/\/ulpiana-fest.com\/wp-content\/uploads\/2024\/08\/Eksplorojme-e-Perjetojme-Kosoven-4-768x403.png 768w, https:\/\/ulpiana-fest.com\/wp-content\/uploads\/2024\/08\/Eksplorojme-e-Perjetojme-Kosoven-4-600x315.png 600w, https:\/\/ulpiana-fest.com\/wp-content\/uploads\/2024\/08\/Eksplorojme-e-Perjetojme-Kosoven-4.png 1200w\" sizes=\"(max-width: 1024px) 100vw, 1024px\" \/><\/figure>\n","protected":false},"excerpt":{"rendered":"<p>B\u00ebhu pjes\u00eb e ARKEOKAMPIT T\u00cb ULPIAN\u00cbS \u26b1\ufe0fKampi i Trash\u00ebgimis\u00eb Kulturore dhe Arkeologjike me Fokus n\u00eb Diaspor\u00eb \u00ebsht\u00eb nj\u00eb iniciativ\u00eb p\u00ebr t\u00eb bashkuar t\u00eb rinjt\u00eb nga diaspora dhe vendlindja p\u00ebr t\u00eb eksploruar, ruajtur dhe promovuar trash\u00ebgimin\u00eb kulturore dhe arkeologjike. Kampi do t\u00eb p\u00ebrfshij\u00eb aktivitete edukative n\u00eb arkeologji, trashegimi kulturore dhe traditat te lidhura me diaspor\u00ebn p\u00ebr&#8230;<\/p>\n","protected":false},"author":2,"featured_media":11936,"comment_status":"open","ping_status":"open","sticky":false,"template":"","format":"standard","meta":{"footnotes":""},"categories":[1],"tags":[],"class_list":["post-11933","post","type-post","status-publish","format-standard","has-post-thumbnail","hentry","category-blog"],"_links":{"self":[{"href":"https:\/\/ulpiana-fest.com\/index.php\/wp-json\/wp\/v2\/posts\/11933"}],"collection":[{"href":"https:\/\/ulpiana-fest.com\/index.php\/wp-json\/wp\/v2\/posts"}],"about":[{"href":"https:\/\/ulpiana-fest.com\/index.php\/wp-json\/wp\/v2\/types\/post"}],"author":[{"embeddable":true,"href":"https:\/\/ulpiana-fest.com\/index.php\/wp-json\/wp\/v2\/users\/2"}],"replies":[{"embeddable":true,"href":"https:\/\/ulpiana-fest.com\/index.php\/wp-json\/wp\/v2\/comments?post=11933"}],"version-history":[{"count":1,"href":"https:\/\/ulpiana-fest.com\/index.php\/wp-json\/wp\/v2\/posts\/11933\/revisions"}],"predecessor-version":[{"id":11935,"href":"https:\/\/ulpiana-fest.com\/index.php\/wp-json\/wp\/v2\/posts\/11933\/revisions\/11935"}],"wp:featuredmedia":[{"embeddable":true,"href":"https:\/\/ulpiana-fest.com\/index.php\/wp-json\/wp\/v2\/media\/11936"}],"wp:attachment":[{"href":"https:\/\/ulpiana-fest.com\/index.php\/wp-json\/wp\/v2\/media?parent=11933"}],"wp:term":[{"taxonomy":"category","embeddable":true,"href":"https:\/\/ulpiana-fest.com\/index.php\/wp-json\/wp\/v2\/categories?post=11933"},{"taxonomy":"post_tag","embeddable":true,"href":"https:\/\/ulpiana-fest.com\/index.php\/wp-json\/wp\/v2\/tags?post=11933"}],"curies":[{"name":"wp","href":"https:\/\/api.w.org\/{rel}","templated":true}]}}